{"id":3939,"date":"2019-03-25T11:09:16","date_gmt":"2019-03-25T10:09:16","guid":{"rendered":"http:\/\/steffisblog.ch\/wordpress\/?p=3939"},"modified":"2019-03-25T11:09:16","modified_gmt":"2019-03-25T10:09:16","slug":"cc-training-in-avenches-16-18-november-2019","status":"publish","type":"post","link":"https:\/\/steffisblog.ch\/wordpress\/?p=3939","title":{"rendered":"CC-Training in Avenches, 16. &#8211; 18. November 2019"},"content":{"rendered":"\n<p>F\u00fcr das letzte CC-Training im Jahr bin ich mit Klein-Eshaika nach Avenches gereist. F\u00fcr sie war es das erste Mal so lange alleine weg von zu Hause, und dann noch in dieser neuen Kurs-Umgebung. Aber sie hat es tapfer gemeistert, den Stress immer sch\u00f6n mit T\u00f6ibele und Herumbocken  rausgelassen, damit die Magengeschw\u00fcre gar keine Chancen haben! Und an den Hindernissen zeigte sie sich wie immer v\u00f6llig unerschrocken und nahm Graben, Treppen, Auf- und Abspr\u00fcnge und sogar das Wasser mutig in Angriff. Vielen Dank Eva f\u00fcr deine tolle Unterst\u00fctzung und Geduld mit uns, ich freue mich sehr auf weitere Kurse mit der Kleinen!<\/p>\n\n\n\n<figure class=\"wp-block-image\"><img loading=\"lazy\" decoding=\"async\" width=\"1024\" height=\"683\" src=\"https:\/\/steffisblog.ch\/wordpress\/wp-content\/uploads\/2019\/03\/AV-Nov18-1-1024x683.jpg\" alt=\"\" class=\"wp-image-3940\" srcset=\"https:\/\/steffisblog.ch\/wordpress\/wp-content\/uploads\/2019\/03\/AV-Nov18-1-1024x683.jpg 1024w, https:\/\/steffisblog.ch\/wordpress\/wp-content\/uploads\/2019\/03\/AV-Nov18-1-300x200.jpg 300w, https:\/\/steffisblog.ch\/wordpress\/wp-content\/uploads\/2019\/03\/AV-Nov18-1-768x512.jpg 768w\" sizes=\"auto, (max-width: 1024px) 100vw, 1024px\" \/><figcaption>Mutig in die Tiefe<\/figcaption><\/figure>\n\n\n\n<ul class=\"wp-block-gallery columns-3 is-cropped wp-block-gallery-1 is-layout-flex wp-block-gallery-is-layout-flex\"><li class=\"blocks-gallery-item\"><figure><img loading=\"lazy\" decoding=\"async\" width=\"1024\" height=\"683\" src=\"https:\/\/steffisblog.ch\/wordpress\/wp-content\/uploads\/2019\/03\/Av-Nov-18-5-1024x683.jpg\" alt=\"\" data-id=\"3941\" data-link=\"https:\/\/steffisblog.ch\/wordpress\/?attachment_id=3941\" class=\"wp-image-3941\" srcset=\"https:\/\/steffisblog.ch\/wordpress\/wp-content\/uploads\/2019\/03\/Av-Nov-18-5-1024x683.jpg 1024w, https:\/\/steffisblog.ch\/wordpress\/wp-content\/uploads\/2019\/03\/Av-Nov-18-5-300x200.jpg 300w, https:\/\/steffisblog.ch\/wordpress\/wp-content\/uploads\/2019\/03\/Av-Nov-18-5-768x513.jpg 768w, https:\/\/steffisblog.ch\/wordpress\/wp-content\/uploads\/2019\/03\/Av-Nov-18-5.jpg 1990w\" sizes=\"auto, (max-width: 1024px) 100vw, 1024px\" \/><figcaption>voll konzentriert&#8230;<\/figcaption><\/figure><\/li><li class=\"blocks-gallery-item\"><figure><img loading=\"lazy\" decoding=\"async\" width=\"1024\" height=\"683\" src=\"https:\/\/steffisblog.ch\/wordpress\/wp-content\/uploads\/2019\/03\/AV-Nov-18-6-1024x683.jpg\" alt=\"\" data-id=\"3942\" data-link=\"https:\/\/steffisblog.ch\/wordpress\/?attachment_id=3942\" class=\"wp-image-3942\" srcset=\"https:\/\/steffisblog.ch\/wordpress\/wp-content\/uploads\/2019\/03\/AV-Nov-18-6-1024x683.jpg 1024w, https:\/\/steffisblog.ch\/wordpress\/wp-content\/uploads\/2019\/03\/AV-Nov-18-6-300x200.jpg 300w, https:\/\/steffisblog.ch\/wordpress\/wp-content\/uploads\/2019\/03\/AV-Nov-18-6-768x512.jpg 768w, https:\/\/steffisblog.ch\/wordpress\/wp-content\/uploads\/2019\/03\/AV-Nov-18-6.jpg 1956w\" sizes=\"auto, (max-width: 1024px) 100vw, 1024px\" \/><figcaption>es geht ja doch \u00fcber diese komischen Baumst\u00e4mme dr\u00fcber<\/figcaption><\/figure><\/li><li class=\"blocks-gallery-item\"><figure><img loading=\"lazy\" decoding=\"async\" width=\"1024\" height=\"683\" src=\"https:\/\/steffisblog.ch\/wordpress\/wp-content\/uploads\/2019\/03\/AV-Nov-18-8-1024x683.jpg\" alt=\"\" data-id=\"3944\" data-link=\"https:\/\/steffisblog.ch\/wordpress\/?attachment_id=3944\" class=\"wp-image-3944\" srcset=\"https:\/\/steffisblog.ch\/wordpress\/wp-content\/uploads\/2019\/03\/AV-Nov-18-8-1024x683.jpg 1024w, https:\/\/steffisblog.ch\/wordpress\/wp-content\/uploads\/2019\/03\/AV-Nov-18-8-300x200.jpg 300w, https:\/\/steffisblog.ch\/wordpress\/wp-content\/uploads\/2019\/03\/AV-Nov-18-8-768x512.jpg 768w\" sizes=\"auto, (max-width: 1024px) 100vw, 1024px\" \/><figcaption>Braves M\u00e4dchen!<\/figcaption><\/figure><\/li><li class=\"blocks-gallery-item\"><figure><img loading=\"lazy\" decoding=\"async\" width=\"1024\" height=\"683\" src=\"https:\/\/steffisblog.ch\/wordpress\/wp-content\/uploads\/2019\/03\/AV-nov-18-10-1024x683.jpg\" alt=\"\" data-id=\"3945\" data-link=\"https:\/\/steffisblog.ch\/wordpress\/?attachment_id=3945\" class=\"wp-image-3945\" srcset=\"https:\/\/steffisblog.ch\/wordpress\/wp-content\/uploads\/2019\/03\/AV-nov-18-10-1024x683.jpg 1024w, https:\/\/steffisblog.ch\/wordpress\/wp-content\/uploads\/2019\/03\/AV-nov-18-10-300x200.jpg 300w, https:\/\/steffisblog.ch\/wordpress\/wp-content\/uploads\/2019\/03\/AV-nov-18-10-768x512.jpg 768w, https:\/\/steffisblog.ch\/wordpress\/wp-content\/uploads\/2019\/03\/AV-nov-18-10.jpg 1992w\" sizes=\"auto, (max-width: 1024px) 100vw, 1024px\" \/><figcaption>Was f\u00fcr ne Bascule \ud83d\ude42<\/figcaption><\/figure><\/li><li class=\"blocks-gallery-item\"><figure><img loading=\"lazy\" decoding=\"async\" width=\"1024\" height=\"683\" src=\"https:\/\/steffisblog.ch\/wordpress\/wp-content\/uploads\/2019\/03\/AV-Nov18-2-1024x683.jpg\" alt=\"\" data-id=\"3947\" data-link=\"https:\/\/steffisblog.ch\/wordpress\/?attachment_id=3947\" class=\"wp-image-3947\" srcset=\"https:\/\/steffisblog.ch\/wordpress\/wp-content\/uploads\/2019\/03\/AV-Nov18-2-1024x683.jpg 1024w, https:\/\/steffisblog.ch\/wordpress\/wp-content\/uploads\/2019\/03\/AV-Nov18-2-300x200.jpg 300w, https:\/\/steffisblog.ch\/wordpress\/wp-content\/uploads\/2019\/03\/AV-Nov18-2-768x512.jpg 768w\" sizes=\"auto, (max-width: 1024px) 100vw, 1024px\" \/><figcaption>Klettern ist kein Problem<\/figcaption><\/figure><\/li><li class=\"blocks-gallery-item\"><figure><img loading=\"lazy\" decoding=\"async\" width=\"1024\" height=\"683\" src=\"https:\/\/steffisblog.ch\/wordpress\/wp-content\/uploads\/2019\/03\/Av-Nov18-3-1024x683.jpg\" alt=\"\" data-id=\"3948\" data-link=\"https:\/\/steffisblog.ch\/wordpress\/?attachment_id=3948\" class=\"wp-image-3948\" srcset=\"https:\/\/steffisblog.ch\/wordpress\/wp-content\/uploads\/2019\/03\/Av-Nov18-3-1024x683.jpg 1024w, https:\/\/steffisblog.ch\/wordpress\/wp-content\/uploads\/2019\/03\/Av-Nov18-3-300x200.jpg 300w, https:\/\/steffisblog.ch\/wordpress\/wp-content\/uploads\/2019\/03\/Av-Nov18-3-768x512.jpg 768w\" sizes=\"auto, (max-width: 1024px) 100vw, 1024px\" \/><figcaption>Immer diese Diskussionen<\/figcaption><\/figure><\/li><li class=\"blocks-gallery-item\"><figure><img loading=\"lazy\" decoding=\"async\" width=\"1024\" height=\"683\" src=\"https:\/\/steffisblog.ch\/wordpress\/wp-content\/uploads\/2019\/03\/av-Nov18-4-1024x683.jpg\" alt=\"\" data-id=\"3949\" data-link=\"https:\/\/steffisblog.ch\/wordpress\/?attachment_id=3949\" class=\"wp-image-3949\" srcset=\"https:\/\/steffisblog.ch\/wordpress\/wp-content\/uploads\/2019\/03\/av-Nov18-4-1024x683.jpg 1024w, https:\/\/steffisblog.ch\/wordpress\/wp-content\/uploads\/2019\/03\/av-Nov18-4-300x200.jpg 300w, https:\/\/steffisblog.ch\/wordpress\/wp-content\/uploads\/2019\/03\/av-Nov18-4-768x512.jpg 768w\" sizes=\"auto, (max-width: 1024px) 100vw, 1024px\" \/><figcaption>Aber dann geht&#8217;s doch<\/figcaption><\/figure><\/li><li class=\"blocks-gallery-item\"><figure><img loading=\"lazy\" decoding=\"async\" width=\"1024\" height=\"683\" src=\"https:\/\/steffisblog.ch\/wordpress\/wp-content\/uploads\/2019\/03\/av-nov18-9-1024x683.jpg\" alt=\"\" data-id=\"3950\" data-link=\"https:\/\/steffisblog.ch\/wordpress\/?attachment_id=3950\" class=\"wp-image-3950\" srcset=\"https:\/\/steffisblog.ch\/wordpress\/wp-content\/uploads\/2019\/03\/av-nov18-9-1024x683.jpg 1024w, https:\/\/steffisblog.ch\/wordpress\/wp-content\/uploads\/2019\/03\/av-nov18-9-300x200.jpg 300w, https:\/\/steffisblog.ch\/wordpress\/wp-content\/uploads\/2019\/03\/av-nov18-9-768x512.jpg 768w\" sizes=\"auto, (max-width: 1024px) 100vw, 1024px\" \/><figcaption>Aufmerksam wird geklettert<\/figcaption><\/figure><\/li><\/ul>\n","protected":false},"excerpt":{"rendered":"<p>F\u00fcr das letzte CC-Training im Jahr bin ich mit Klein-Eshaika nach Avenches gereist. F\u00fcr sie war es das erste Mal so lange alleine weg von zu Hause, und dann noch in dieser neuen Kurs-Umgebung. Aber sie hat es tapfer gemeistert, den Stress immer sch\u00f6n mit T\u00f6ibele und Herumbocken rausgelassen, damit die Magengeschw\u00fcre gar keine Chancen [&hellip;]<\/p>\n","protected":false},"author":1,"featured_media":0,"comment_status":"open","ping_status":"open","sticky":false,"template":"","format":"standard","meta":{"footnotes":""},"categories":[1],"tags":[],"class_list":["post-3939","post","type-post","status-publish","format-standard","hentry","category-allgemein"],"_links":{"self":[{"href":"https:\/\/steffisblog.ch\/wordpress\/index.php?rest_route=\/wp\/v2\/posts\/3939","targetHints":{"allow":["GET"]}}],"collection":[{"href":"https:\/\/steffisblog.ch\/wordpress\/index.php?rest_route=\/wp\/v2\/posts"}],"about":[{"href":"https:\/\/steffisblog.ch\/wordpress\/index.php?rest_route=\/wp\/v2\/types\/post"}],"author":[{"embeddable":true,"href":"https:\/\/steffisblog.ch\/wordpress\/index.php?rest_route=\/wp\/v2\/users\/1"}],"replies":[{"embeddable":true,"href":"https:\/\/steffisblog.ch\/wordpress\/index.php?rest_route=%2Fwp%2Fv2%2Fcomments&post=3939"}],"version-history":[{"count":1,"href":"https:\/\/steffisblog.ch\/wordpress\/index.php?rest_route=\/wp\/v2\/posts\/3939\/revisions"}],"predecessor-version":[{"id":3951,"href":"https:\/\/steffisblog.ch\/wordpress\/index.php?rest_route=\/wp\/v2\/posts\/3939\/revisions\/3951"}],"wp:attachment":[{"href":"https:\/\/steffisblog.ch\/wordpress\/index.php?rest_route=%2Fwp%2Fv2%2Fmedia&parent=3939"}],"wp:term":[{"taxonomy":"category","embeddable":true,"href":"https:\/\/steffisblog.ch\/wordpress\/index.php?rest_route=%2Fwp%2Fv2%2Fcategories&post=3939"},{"taxonomy":"post_tag","embeddable":true,"href":"https:\/\/steffisblog.ch\/wordpress\/index.php?rest_route=%2Fwp%2Fv2%2Ftags&post=3939"}],"curies":[{"name":"wp","href":"https:\/\/api.w.org\/{rel}","templated":true}]}}