{"id":1956,"date":"2013-11-06T09:44:04","date_gmt":"2013-11-06T08:44:04","guid":{"rendered":"http:\/\/steffisblog.ch\/wordpress\/?p=1956"},"modified":"2013-11-06T09:45:24","modified_gmt":"2013-11-06T08:45:24","slug":"springsattel-zu-verkaufen","status":"publish","type":"post","link":"https:\/\/steffisblog.ch\/wordpress\/?p=1956","title":{"rendered":"Springsattel zu verkaufen"},"content":{"rendered":"<p>Hier ein weiterer Sattel aus meiner Sammlung:<\/p>\n<p><strong>Springsattel von Breitler,\u00a0<\/strong>hellbraun,\u00a0Sitz 18&#8243;, mittlere Kammer, lange Strippen<\/p>\n<p>Dieser Sattel ist sehr bequem und noch gut im Schuss, abgesehen von den Verf\u00e4rbungen, die leider bei den hellen S\u00e4tteln h\u00e4ufig auftreten. Die Kissen sind sehr sch\u00f6n weich und gleichm\u00e4ssig, der Wirbelkanal extrem breit und der Sattel drum wirklich pferdefreundlich. Leider passt er nicht auf Pferde mit sehr viel Rist, deshalb muss ich mich von ihm trennen.<\/p>\n<p>VP: CHF 800.-<\/p>\n<p><a href=\"http:\/\/steffisblog.ch\/wordpress\/wp-content\/uploads\/2013\/11\/2013-11-04-12.09.42.jpg\"><img loading=\"lazy\" decoding=\"async\" class=\"alignnone size-thumbnail wp-image-1957\" alt=\"2013-11-04 12.09.42\" src=\"http:\/\/steffisblog.ch\/wordpress\/wp-content\/uploads\/2013\/11\/2013-11-04-12.09.42-150x150.jpg\" width=\"150\" height=\"150\" \/><\/a> <a href=\"http:\/\/steffisblog.ch\/wordpress\/wp-content\/uploads\/2013\/11\/2013-11-04-12.09.53.jpg\"><img loading=\"lazy\" decoding=\"async\" class=\"alignnone size-thumbnail wp-image-1958\" alt=\"2013-11-04 12.09.53\" src=\"http:\/\/steffisblog.ch\/wordpress\/wp-content\/uploads\/2013\/11\/2013-11-04-12.09.53-150x150.jpg\" width=\"150\" height=\"150\" \/><\/a>\u00a0<a href=\"http:\/\/steffisblog.ch\/wordpress\/wp-content\/uploads\/2013\/11\/2013-11-04-12.10.16-e1383727398195.jpg\"><img loading=\"lazy\" decoding=\"async\" class=\"alignnone size-thumbnail wp-image-1959\" alt=\"2013-11-04 12.10.16\" src=\"http:\/\/steffisblog.ch\/wordpress\/wp-content\/uploads\/2013\/11\/2013-11-04-12.10.16-e1383727398195-150x150.jpg\" width=\"150\" height=\"150\" \/><\/a><\/p>\n","protected":false},"excerpt":{"rendered":"<p>Hier ein weiterer Sattel aus meiner Sammlung: Springsattel von Breitler,\u00a0hellbraun,\u00a0Sitz 18&#8243;, mittlere Kammer, lange Strippen Dieser Sattel ist sehr bequem und noch gut im Schuss, abgesehen von den Verf\u00e4rbungen, die leider bei den hellen S\u00e4tteln h\u00e4ufig auftreten. Die Kissen sind sehr sch\u00f6n weich und gleichm\u00e4ssig, der Wirbelkanal extrem breit und der Sattel drum wirklich pferdefreundlich. [&hellip;]<\/p>\n","protected":false},"author":1,"featured_media":0,"comment_status":"open","ping_status":"open","sticky":false,"template":"","format":"standard","meta":{"footnotes":""},"categories":[1],"tags":[],"class_list":["post-1956","post","type-post","status-publish","format-standard","hentry","category-allgemein"],"_links":{"self":[{"href":"https:\/\/steffisblog.ch\/wordpress\/index.php?rest_route=\/wp\/v2\/posts\/1956","targetHints":{"allow":["GET"]}}],"collection":[{"href":"https:\/\/steffisblog.ch\/wordpress\/index.php?rest_route=\/wp\/v2\/posts"}],"about":[{"href":"https:\/\/steffisblog.ch\/wordpress\/index.php?rest_route=\/wp\/v2\/types\/post"}],"author":[{"embeddable":true,"href":"https:\/\/steffisblog.ch\/wordpress\/index.php?rest_route=\/wp\/v2\/users\/1"}],"replies":[{"embeddable":true,"href":"https:\/\/steffisblog.ch\/wordpress\/index.php?rest_route=%2Fwp%2Fv2%2Fcomments&post=1956"}],"version-history":[{"count":2,"href":"https:\/\/steffisblog.ch\/wordpress\/index.php?rest_route=\/wp\/v2\/posts\/1956\/revisions"}],"predecessor-version":[{"id":1961,"href":"https:\/\/steffisblog.ch\/wordpress\/index.php?rest_route=\/wp\/v2\/posts\/1956\/revisions\/1961"}],"wp:attachment":[{"href":"https:\/\/steffisblog.ch\/wordpress\/index.php?rest_route=%2Fwp%2Fv2%2Fmedia&parent=1956"}],"wp:term":[{"taxonomy":"category","embeddable":true,"href":"https:\/\/steffisblog.ch\/wordpress\/index.php?rest_route=%2Fwp%2Fv2%2Fcategories&post=1956"},{"taxonomy":"post_tag","embeddable":true,"href":"https:\/\/steffisblog.ch\/wordpress\/index.php?rest_route=%2Fwp%2Fv2%2Ftags&post=1956"}],"curies":[{"name":"wp","href":"https:\/\/api.w.org\/{rel}","templated":true}]}}