{"id":1901,"date":"2013-10-08T09:52:23","date_gmt":"2013-10-08T08:52:23","guid":{"rendered":"http:\/\/steffisblog.ch\/wordpress\/?p=1901"},"modified":"2013-10-08T09:52:23","modified_gmt":"2013-10-08T08:52:23","slug":"morgen-gibts-neue-eisen","status":"publish","type":"post","link":"https:\/\/steffisblog.ch\/wordpress\/?p=1901","title":{"rendered":"Morgen gibt&#8217;s neue Eisen!"},"content":{"rendered":"<p>Leider haben sich Secc\u00e4li&#8217;s tolle Duplo-Kunststoff-Beschl\u00e4ge ziemlich verdreht in der letzten Woche. Ich konnte sie trotz mehrfachem N\u00e4gel anziehen nicht wirlich in Position halten. Am Sonntag hat Secc\u00e4li sogar ein Eisen verloren (\u00fcber Nacht im Auslauf, also nicht beim fr\u00e4sen auf der nassen Wiese), worauf ich dann das zweite auch noch abgenommen habe. Zum Gl\u00fcck haben wir morgen schon den Beschlagstermin und ich bin gespannt, was G\u00fcnther zur aktuellen Hufsituation meint. Ich bin nach wie vor geteilter Meinung: Secc\u00e4li lief supertoll mit diesen Eisen, auch draussen \u00fcber Stock und Stein und in allen Gangarten und Tempi ist sie nicht einmal klamm oder f\u00fchlig gelaufen. Daher also ein riesengrosses Plus f\u00fcr diesen Beschlag. Andereseits l\u00f6sen sich die N\u00e4gel schon sehr schnell und stark und immer wieder. Auch habe ich das Gef\u00fchl, dass ihr Hornspalt eher gr\u00f6sser statt stabiler geworden ist. Ob dieser Beschlag also wirklich das richtige ist f\u00fcr Secc\u00e4li&#8217;s Hufe, bin ich mir noch nicht ganz sicher&#8230; Testphase l\u00e4uft also weiter&#8230;<\/p>\n<p><a href=\"http:\/\/steffisblog.ch\/wordpress\/wp-content\/uploads\/2013\/10\/2013-10-01-15.56.15.jpg\"><img loading=\"lazy\" decoding=\"async\" class=\"alignnone size-thumbnail wp-image-1902\" alt=\"Ziemlich verschobenes Eisen\" src=\"http:\/\/steffisblog.ch\/wordpress\/wp-content\/uploads\/2013\/10\/2013-10-01-15.56.15-150x150.jpg\" width=\"150\" height=\"150\" \/><\/a>\u00a0<a href=\"http:\/\/steffisblog.ch\/wordpress\/wp-content\/uploads\/2013\/10\/2013-10-01-15.56.29.jpg\"><img loading=\"lazy\" decoding=\"async\" class=\"alignnone size-thumbnail wp-image-1903\" alt=\"Auch hier w\u00e4chst die Wand...\" src=\"http:\/\/steffisblog.ch\/wordpress\/wp-content\/uploads\/2013\/10\/2013-10-01-15.56.29-150x150.jpg\" width=\"150\" height=\"150\" \/><\/a>\u00a0<a href=\"http:\/\/steffisblog.ch\/wordpress\/wp-content\/uploads\/2013\/10\/2013-10-01-15.56.38.jpg\"><img loading=\"lazy\" decoding=\"async\" class=\"alignnone size-thumbnail wp-image-1904\" alt=\"Zehe wird lang\" src=\"http:\/\/steffisblog.ch\/wordpress\/wp-content\/uploads\/2013\/10\/2013-10-01-15.56.38-150x150.jpg\" width=\"150\" height=\"150\" \/><\/a>\u00a0<a href=\"http:\/\/steffisblog.ch\/wordpress\/wp-content\/uploads\/2013\/10\/2013-10-01-15.55.49.jpg\"><img loading=\"lazy\" decoding=\"async\" class=\"alignnone size-thumbnail wp-image-1905\" alt=\"Sehr schr\u00e4g\" src=\"http:\/\/steffisblog.ch\/wordpress\/wp-content\/uploads\/2013\/10\/2013-10-01-15.55.49-150x150.jpg\" width=\"150\" height=\"150\" \/><\/a>\u00a0<a href=\"http:\/\/steffisblog.ch\/wordpress\/wp-content\/uploads\/2013\/10\/2013-10-01-15.55.55.jpg\"><img loading=\"lazy\" decoding=\"async\" class=\"alignnone size-thumbnail wp-image-1906\" alt=\"und nochmal schr\u00e4g :-)\" src=\"http:\/\/steffisblog.ch\/wordpress\/wp-content\/uploads\/2013\/10\/2013-10-01-15.55.55-150x150.jpg\" width=\"150\" height=\"150\" \/><\/a><\/p>\n","protected":false},"excerpt":{"rendered":"<p>Leider haben sich Secc\u00e4li&#8217;s tolle Duplo-Kunststoff-Beschl\u00e4ge ziemlich verdreht in der letzten Woche. Ich konnte sie trotz mehrfachem N\u00e4gel anziehen nicht wirlich in Position halten. Am Sonntag hat Secc\u00e4li sogar ein Eisen verloren (\u00fcber Nacht im Auslauf, also nicht beim fr\u00e4sen auf der nassen Wiese), worauf ich dann das zweite auch noch abgenommen habe. Zum Gl\u00fcck [&hellip;]<\/p>\n","protected":false},"author":1,"featured_media":0,"comment_status":"open","ping_status":"open","sticky":false,"template":"","format":"standard","meta":{"footnotes":""},"categories":[1],"tags":[],"class_list":["post-1901","post","type-post","status-publish","format-standard","hentry","category-allgemein"],"_links":{"self":[{"href":"https:\/\/steffisblog.ch\/wordpress\/index.php?rest_route=\/wp\/v2\/posts\/1901","targetHints":{"allow":["GET"]}}],"collection":[{"href":"https:\/\/steffisblog.ch\/wordpress\/index.php?rest_route=\/wp\/v2\/posts"}],"about":[{"href":"https:\/\/steffisblog.ch\/wordpress\/index.php?rest_route=\/wp\/v2\/types\/post"}],"author":[{"embeddable":true,"href":"https:\/\/steffisblog.ch\/wordpress\/index.php?rest_route=\/wp\/v2\/users\/1"}],"replies":[{"embeddable":true,"href":"https:\/\/steffisblog.ch\/wordpress\/index.php?rest_route=%2Fwp%2Fv2%2Fcomments&post=1901"}],"version-history":[{"count":1,"href":"https:\/\/steffisblog.ch\/wordpress\/index.php?rest_route=\/wp\/v2\/posts\/1901\/revisions"}],"predecessor-version":[{"id":1907,"href":"https:\/\/steffisblog.ch\/wordpress\/index.php?rest_route=\/wp\/v2\/posts\/1901\/revisions\/1907"}],"wp:attachment":[{"href":"https:\/\/steffisblog.ch\/wordpress\/index.php?rest_route=%2Fwp%2Fv2%2Fmedia&parent=1901"}],"wp:term":[{"taxonomy":"category","embeddable":true,"href":"https:\/\/steffisblog.ch\/wordpress\/index.php?rest_route=%2Fwp%2Fv2%2Fcategories&post=1901"},{"taxonomy":"post_tag","embeddable":true,"href":"https:\/\/steffisblog.ch\/wordpress\/index.php?rest_route=%2Fwp%2Fv2%2Ftags&post=1901"}],"curies":[{"name":"wp","href":"https:\/\/api.w.org\/{rel}","templated":true}]}}