{"id":1885,"date":"2013-09-23T09:44:16","date_gmt":"2013-09-23T08:44:16","guid":{"rendered":"http:\/\/steffisblog.ch\/wordpress\/?p=1885"},"modified":"2013-09-23T09:44:16","modified_gmt":"2013-09-23T08:44:16","slug":"saettel-zu-verkaufen","status":"publish","type":"post","link":"https:\/\/steffisblog.ch\/wordpress\/?p=1885","title":{"rendered":"S\u00e4ttel zu verkaufen"},"content":{"rendered":"<p>Mein Sattelsammelsurium w\u00e4chst leider langsam ins Unermessliche und drum muss ich mich wohl oder \u00fcbel von ein paar Sch\u00e4tzen der Sattelkammer trennen.<\/p>\n<p>Hier w\u00e4re mal einer&#8230; der Rest folgt&#8230;<\/p>\n<p><strong>Dressursattel &#8222;Cobra&#8220;,<\/strong> schwarz, 17,5&#8243;, normale Kammerweite, lange Strippen<\/p>\n<p>Dies ist ein sehr gepflegter Sattel mit nur ganz wenigen Gebrauchsspuren. Die Kissen\u00a0wurden vor ca.\u00a0einem Jahr frisch aufgepolstert und sind wunderbar gleichm\u00e4ssig.\u00a0Leider passt er von der Schwung-Form auf keines meiner Pferde, sonst w\u00fcrde ich diesen sehr bequemen Sattel nicht hergeben \ud83d\ude42<\/p>\n<p>VP: CHF 1000.-<\/p>\n<p><a href=\"http:\/\/steffisblog.ch\/wordpress\/wp-content\/uploads\/2013\/09\/2013-09-09-11.58.07.jpg\"><img loading=\"lazy\" decoding=\"async\" class=\"alignnone size-thumbnail wp-image-1886\" alt=\"Cobra D\" src=\"http:\/\/steffisblog.ch\/wordpress\/wp-content\/uploads\/2013\/09\/2013-09-09-11.58.07-150x150.jpg\" width=\"150\" height=\"150\" \/><\/a>\u00a0<a href=\"http:\/\/steffisblog.ch\/wordpress\/wp-content\/uploads\/2013\/09\/2013-09-09-11.58.42.jpg\"><img loading=\"lazy\" decoding=\"async\" class=\"alignnone size-thumbnail wp-image-1887\" alt=\"Cobra D\" src=\"http:\/\/steffisblog.ch\/wordpress\/wp-content\/uploads\/2013\/09\/2013-09-09-11.58.42-150x150.jpg\" width=\"150\" height=\"150\" \/><\/a>\u00a0<a href=\"http:\/\/steffisblog.ch\/wordpress\/wp-content\/uploads\/2013\/09\/2013-09-09-11.58.52.jpg\"><img loading=\"lazy\" decoding=\"async\" class=\"alignnone size-thumbnail wp-image-1888\" alt=\"Cobra D\" src=\"http:\/\/steffisblog.ch\/wordpress\/wp-content\/uploads\/2013\/09\/2013-09-09-11.58.52-150x150.jpg\" width=\"150\" height=\"150\" \/><\/a>\u00a0<a href=\"http:\/\/steffisblog.ch\/wordpress\/wp-content\/uploads\/2013\/09\/2013-09-09-12.00.28.jpg\"><img loading=\"lazy\" decoding=\"async\" class=\"alignnone size-thumbnail wp-image-1889\" alt=\"Cobra D\" src=\"http:\/\/steffisblog.ch\/wordpress\/wp-content\/uploads\/2013\/09\/2013-09-09-12.00.28-150x150.jpg\" width=\"150\" height=\"150\" \/><\/a><\/p>\n<p>&nbsp;<\/p>\n","protected":false},"excerpt":{"rendered":"<p>Mein Sattelsammelsurium w\u00e4chst leider langsam ins Unermessliche und drum muss ich mich wohl oder \u00fcbel von ein paar Sch\u00e4tzen der Sattelkammer trennen. Hier w\u00e4re mal einer&#8230; der Rest folgt&#8230; Dressursattel &#8222;Cobra&#8220;, schwarz, 17,5&#8243;, normale Kammerweite, lange Strippen Dies ist ein sehr gepflegter Sattel mit nur ganz wenigen Gebrauchsspuren. Die Kissen\u00a0wurden vor ca.\u00a0einem Jahr frisch aufgepolstert [&hellip;]<\/p>\n","protected":false},"author":1,"featured_media":0,"comment_status":"open","ping_status":"open","sticky":false,"template":"","format":"standard","meta":{"footnotes":""},"categories":[1],"tags":[],"class_list":["post-1885","post","type-post","status-publish","format-standard","hentry","category-allgemein"],"_links":{"self":[{"href":"https:\/\/steffisblog.ch\/wordpress\/index.php?rest_route=\/wp\/v2\/posts\/1885","targetHints":{"allow":["GET"]}}],"collection":[{"href":"https:\/\/steffisblog.ch\/wordpress\/index.php?rest_route=\/wp\/v2\/posts"}],"about":[{"href":"https:\/\/steffisblog.ch\/wordpress\/index.php?rest_route=\/wp\/v2\/types\/post"}],"author":[{"embeddable":true,"href":"https:\/\/steffisblog.ch\/wordpress\/index.php?rest_route=\/wp\/v2\/users\/1"}],"replies":[{"embeddable":true,"href":"https:\/\/steffisblog.ch\/wordpress\/index.php?rest_route=%2Fwp%2Fv2%2Fcomments&post=1885"}],"version-history":[{"count":1,"href":"https:\/\/steffisblog.ch\/wordpress\/index.php?rest_route=\/wp\/v2\/posts\/1885\/revisions"}],"predecessor-version":[{"id":1890,"href":"https:\/\/steffisblog.ch\/wordpress\/index.php?rest_route=\/wp\/v2\/posts\/1885\/revisions\/1890"}],"wp:attachment":[{"href":"https:\/\/steffisblog.ch\/wordpress\/index.php?rest_route=%2Fwp%2Fv2%2Fmedia&parent=1885"}],"wp:term":[{"taxonomy":"category","embeddable":true,"href":"https:\/\/steffisblog.ch\/wordpress\/index.php?rest_route=%2Fwp%2Fv2%2Fcategories&post=1885"},{"taxonomy":"post_tag","embeddable":true,"href":"https:\/\/steffisblog.ch\/wordpress\/index.php?rest_route=%2Fwp%2Fv2%2Ftags&post=1885"}],"curies":[{"name":"wp","href":"https:\/\/api.w.org\/{rel}","templated":true}]}}